{"id":1192,"date":"2016-10-20T16:30:54","date_gmt":"2016-10-20T16:30:54","guid":{"rendered":"http:\/\/lesaventuriersdurail.sa3m.com\/?p=1192"},"modified":"2016-10-20T16:30:54","modified_gmt":"2016-10-20T16:30:54","slug":"un-petit-tour-et-puis-sen-vont-2","status":"publish","type":"post","link":"https:\/\/lesaventuriersdurail.sa3m.com\/?p=1192","title":{"rendered":"Un petit tour et puis s&rsquo;en vont"},"content":{"rendered":"<p><a href=\"http:\/\/lesaventuriersdurail.sa3m.com\/wp-content\/uploads\/2016\/10\/wp-1476967236342.jpg\"><img loading=\"lazy\" decoding=\"async\" src=\"http:\/\/lesaventuriersdurail.sa3m.com\/wp-content\/uploads\/2016\/10\/wp-1476967236342.jpg\" alt=\"\" class=\"wp-image-1186 alignnone size-full\" width=\"800\" height=\"600\" srcset=\"https:\/\/lesaventuriersdurail.sa3m.com\/wp-content\/uploads\/2016\/10\/wp-1476967236342.jpg 800w, https:\/\/lesaventuriersdurail.sa3m.com\/wp-content\/uploads\/2016\/10\/wp-1476967236342-300x225.jpg 300w, https:\/\/lesaventuriersdurail.sa3m.com\/wp-content\/uploads\/2016\/10\/wp-1476967236342-768x576.jpg 768w\" sizes=\"auto, (max-width: 800px) 100vw, 800px\" \/><\/a><\/p>\n<p>En 2 heures, sur une route aussi chaotique que le paysage \u00e9tait magnifique (difficilement visible depuis Yerevan \u00e0 cause de la pollution, nous avons pu admirer \u00e0 loisir les monts Ararat), nous sommes arriv\u00e9s \u00e0 Yeghegnadzor, notre derni\u00e8re vraie \u00e9tape en Arm\u00e9nie.<br \/>\nBien install\u00e9s chez Shushan et Gagik, nous n&rsquo;avons plus boug\u00e9 lundi. Un peu de fatigue, de paresse, une compagnie agr\u00e9able et le temps de plus en plus frais dehors nous ont pouss\u00e9s \u00e0 ne rien faire.<\/p>\n<p>Le lendemain par contre, Gagik nous a emmen\u00e9 voir ce qui fait la renomm\u00e9e de la r\u00e9gion :<\/p>\n<p>-Noravank, un monast\u00e8re nich\u00e9 au creux d&rsquo;une gorge<\/p>\n<p><a href=\"http:\/\/lesaventuriersdurail.sa3m.com\/wp-content\/uploads\/2016\/10\/wp-1476980578311.jpg\"><img loading=\"lazy\" decoding=\"async\" src=\"http:\/\/lesaventuriersdurail.sa3m.com\/wp-content\/uploads\/2016\/10\/wp-1476980578311.jpg\" alt=\"\" class=\"wp-image-1188 alignnone size-full\" width=\"800\" height=\"600\" srcset=\"https:\/\/lesaventuriersdurail.sa3m.com\/wp-content\/uploads\/2016\/10\/wp-1476980578311.jpg 800w, https:\/\/lesaventuriersdurail.sa3m.com\/wp-content\/uploads\/2016\/10\/wp-1476980578311-300x225.jpg 300w, https:\/\/lesaventuriersdurail.sa3m.com\/wp-content\/uploads\/2016\/10\/wp-1476980578311-768x576.jpg 768w\" sizes=\"auto, (max-width: 800px) 100vw, 800px\" \/><\/a><\/p>\n<p><a href=\"http:\/\/lesaventuriersdurail.sa3m.com\/wp-content\/uploads\/2016\/10\/wp-1476967131874.jpg\"><img loading=\"lazy\" decoding=\"async\" src=\"http:\/\/lesaventuriersdurail.sa3m.com\/wp-content\/uploads\/2016\/10\/wp-1476967131874.jpg\" alt=\"\" class=\"wp-image-1187 alignnone size-full\" width=\"800\" height=\"600\" srcset=\"https:\/\/lesaventuriersdurail.sa3m.com\/wp-content\/uploads\/2016\/10\/wp-1476967131874.jpg 800w, https:\/\/lesaventuriersdurail.sa3m.com\/wp-content\/uploads\/2016\/10\/wp-1476967131874-300x225.jpg 300w, https:\/\/lesaventuriersdurail.sa3m.com\/wp-content\/uploads\/2016\/10\/wp-1476967131874-768x576.jpg 768w\" sizes=\"auto, (max-width: 800px) 100vw, 800px\" \/><\/a><\/p>\n<p>-le village vinicole d&rsquo;Areni o\u00f9 est produit le vin \u00e9ponyme<\/p>\n<p><a href=\"http:\/\/lesaventuriersdurail.sa3m.com\/wp-content\/uploads\/2016\/10\/wp-1476980722623.jpg\"><img loading=\"lazy\" decoding=\"async\" src=\"http:\/\/lesaventuriersdurail.sa3m.com\/wp-content\/uploads\/2016\/10\/wp-1476980722623.jpg\" alt=\"\" class=\"wp-image-1189 alignnone size-full\" width=\"800\" height=\"600\" srcset=\"https:\/\/lesaventuriersdurail.sa3m.com\/wp-content\/uploads\/2016\/10\/wp-1476980722623.jpg 800w, https:\/\/lesaventuriersdurail.sa3m.com\/wp-content\/uploads\/2016\/10\/wp-1476980722623-300x225.jpg 300w, https:\/\/lesaventuriersdurail.sa3m.com\/wp-content\/uploads\/2016\/10\/wp-1476980722623-768x576.jpg 768w\" sizes=\"auto, (max-width: 800px) 100vw, 800px\" \/><\/a><\/p>\n<p>Mercredi il \u00e9tait temps de quitter la gentille famille (Salom\u00e9 ne voulait plus l\u00e2cher Shushan) et de continuer notre route vers le sud. Nous voulions \u00eatre le soir m\u00eame \u00e0 Goris mais nous avions arrang\u00e9s quelques arr\u00eats en chemin avec notre fid\u00e8le chauffeur Gagik et Yan, un covoyageur slovaque. Les al\u00e9as m\u00e9t\u00e9orologiques ont un peu modifi\u00e9 nos plans puisque l&rsquo;hiver a surgi de nulle part mercredi.<\/p>\n<p><a href=\"http:\/\/lesaventuriersdurail.sa3m.com\/wp-content\/uploads\/2016\/10\/wp-1476980774350.jpg\"><img loading=\"lazy\" decoding=\"async\" src=\"http:\/\/lesaventuriersdurail.sa3m.com\/wp-content\/uploads\/2016\/10\/wp-1476980774350.jpg\" alt=\"\" class=\"wp-image-1190 alignnone size-full\" width=\"800\" height=\"600\" srcset=\"https:\/\/lesaventuriersdurail.sa3m.com\/wp-content\/uploads\/2016\/10\/wp-1476980774350.jpg 800w, https:\/\/lesaventuriersdurail.sa3m.com\/wp-content\/uploads\/2016\/10\/wp-1476980774350-300x225.jpg 300w, https:\/\/lesaventuriersdurail.sa3m.com\/wp-content\/uploads\/2016\/10\/wp-1476980774350-768x576.jpg 768w\" sizes=\"auto, (max-width: 800px) 100vw, 800px\" \/><\/a><\/p>\n<p>Nous nous sommes tout de m\u00eame arr\u00eat\u00e9s \u00e0 Tatev, un must-see. Nous avons emprunt\u00e9 le plus long t\u00e9l\u00e9ph\u00e9rique du monde (5,7km) pour atteindre le monast\u00e8re ; le temps \u00e9tant ce qu&rsquo;il \u00e9tait nous sommes un peu pass\u00e9s \u00e0 c\u00f4t\u00e9 de la vue sur la vall\u00e9e. Le monast\u00e8re lui aussi \u00e9tait noy\u00e9 dans le brouillard donc pas vraiment \u00e0 son avantage ; et en plus il y avait des travaux&#8230;<\/p>\n<p><a href=\"http:\/\/lesaventuriersdurail.sa3m.com\/wp-content\/uploads\/2016\/10\/wp-1476966832464.jpg\"><img loading=\"lazy\" decoding=\"async\" src=\"http:\/\/lesaventuriersdurail.sa3m.com\/wp-content\/uploads\/2016\/10\/wp-1476966832464.jpg\" alt=\"\" class=\"wp-image-1182 alignnone size-full\" width=\"800\" height=\"600\" srcset=\"https:\/\/lesaventuriersdurail.sa3m.com\/wp-content\/uploads\/2016\/10\/wp-1476966832464.jpg 800w, https:\/\/lesaventuriersdurail.sa3m.com\/wp-content\/uploads\/2016\/10\/wp-1476966832464-300x225.jpg 300w, https:\/\/lesaventuriersdurail.sa3m.com\/wp-content\/uploads\/2016\/10\/wp-1476966832464-768x576.jpg 768w\" sizes=\"auto, (max-width: 800px) 100vw, 800px\" \/><\/a><\/p>\n<p>On ne vous dira rien de Goris o\u00f9 nous avons pass\u00e9 la nuit, ni de Kapan o\u00f9 nous avons d\u00e9jeun\u00e9, ni de Meghri o\u00f9 nous dormirons ce soir, si ce n&rsquo;est que ce sont de petites villes sans grand int\u00e9r\u00eat. En chemin cependant nous avons travers\u00e9 des paysages incroyables, accompagn\u00e9s de Joe Dassin dans une Lada comme neuve.<\/p>\n<p><a href=\"http:\/\/lesaventuriersdurail.sa3m.com\/wp-content\/uploads\/2016\/10\/wp-1476980801092.jpg\"><img loading=\"lazy\" decoding=\"async\" src=\"http:\/\/lesaventuriersdurail.sa3m.com\/wp-content\/uploads\/2016\/10\/wp-1476980801092.jpg\" alt=\"\" class=\"wp-image-1191 alignnone size-full\" width=\"800\" height=\"600\" srcset=\"https:\/\/lesaventuriersdurail.sa3m.com\/wp-content\/uploads\/2016\/10\/wp-1476980801092.jpg 800w, https:\/\/lesaventuriersdurail.sa3m.com\/wp-content\/uploads\/2016\/10\/wp-1476980801092-300x225.jpg 300w, https:\/\/lesaventuriersdurail.sa3m.com\/wp-content\/uploads\/2016\/10\/wp-1476980801092-768x576.jpg 768w\" sizes=\"auto, (max-width: 800px) 100vw, 800px\" \/><\/a><\/p>\n<p>Demain nous quitterons l&rsquo;Arm\u00e9nie et les montagnes ; si le plan se d\u00e9roule sans accroc, nous passerons la fronti\u00e8re iranienne dans la matin\u00e9e!<\/p>\n","protected":false},"excerpt":{"rendered":"<p>En 2 heures, sur une route aussi chaotique que le paysage \u00e9tait magnifique (difficilement visible depuis Yerevan \u00e0 cause de la pollution, nous avons pu admirer \u00e0 loisir les monts Ararat), nous sommes arriv\u00e9s \u00e0 Yeghegnadzor, notre derni\u00e8re vraie \u00e9tape en Arm\u00e9nie. Bien install\u00e9s chez Shushan et Gagik, nous n&rsquo;avons plus boug\u00e9 lundi. Un peu [&hellip;]<\/p>\n","protected":false},"author":1,"featured_media":0,"comment_status":"open","ping_status":"open","sticky":false,"template":"","format":"standard","meta":{"footnotes":""},"categories":[146,154,155,153,152],"tags":[],"class_list":["post-1192","post","type-post","status-publish","format-standard","hentry","category-armenie","category-goris","category-meghri","category-tatev","category-yeghegnadzor"],"_links":{"self":[{"href":"https:\/\/lesaventuriersdurail.sa3m.com\/index.php?rest_route=\/wp\/v2\/posts\/1192","targetHints":{"allow":["GET"]}}],"collection":[{"href":"https:\/\/lesaventuriersdurail.sa3m.com\/index.php?rest_route=\/wp\/v2\/posts"}],"about":[{"href":"https:\/\/lesaventuriersdurail.sa3m.com\/index.php?rest_route=\/wp\/v2\/types\/post"}],"author":[{"embeddable":true,"href":"https:\/\/lesaventuriersdurail.sa3m.com\/index.php?rest_route=\/wp\/v2\/users\/1"}],"replies":[{"embeddable":true,"href":"https:\/\/lesaventuriersdurail.sa3m.com\/index.php?rest_route=%2Fwp%2Fv2%2Fcomments&post=1192"}],"version-history":[{"count":1,"href":"https:\/\/lesaventuriersdurail.sa3m.com\/index.php?rest_route=\/wp\/v2\/posts\/1192\/revisions"}],"predecessor-version":[{"id":1193,"href":"https:\/\/lesaventuriersdurail.sa3m.com\/index.php?rest_route=\/wp\/v2\/posts\/1192\/revisions\/1193"}],"wp:attachment":[{"href":"https:\/\/lesaventuriersdurail.sa3m.com\/index.php?rest_route=%2Fwp%2Fv2%2Fmedia&parent=1192"}],"wp:term":[{"taxonomy":"category","embeddable":true,"href":"https:\/\/lesaventuriersdurail.sa3m.com\/index.php?rest_route=%2Fwp%2Fv2%2Fcategories&post=1192"},{"taxonomy":"post_tag","embeddable":true,"href":"https:\/\/lesaventuriersdurail.sa3m.com\/index.php?rest_route=%2Fwp%2Fv2%2Ftags&post=1192"}],"curies":[{"name":"wp","href":"https:\/\/api.w.org\/{rel}","templated":true}]}}