{"id":1176,"date":"2016-10-16T15:18:22","date_gmt":"2016-10-16T15:18:22","guid":{"rendered":"http:\/\/lesaventuriersdurail.sa3m.com\/?p=1176"},"modified":"2016-10-16T15:18:22","modified_gmt":"2016-10-16T15:18:22","slug":"yeah-revan","status":"publish","type":"post","link":"https:\/\/lesaventuriersdurail.sa3m.com\/?p=1176","title":{"rendered":"Yeah-revan"},"content":{"rendered":"<p>Une semaine s\u00e9dentaire \u00e7a ne peut pas faire de mal!&nbsp;<\/p>\n<p>Nous sommes arriv\u00e9s \u00e0 Yerevan lundi en d\u00e9but d&rsquo;apr\u00e8s-midi apr\u00e8s un cours trajet en taxi depuis Sevan. D&rsquo;apr\u00e8s les \u00e9chos que nous en avions eu et les villes arm\u00e9niennes que nous avions vu jusque l\u00e0, on ne s&rsquo;attendait pas \u00e0 tomber en p\u00e2moison devant la capitale&#8230; Et bien surprise : la ville n&rsquo;est certes pas des plus jolies mais elle est tr\u00e8s agr\u00e9able (encore une fois le beau temps participe \u00e0 enjoliver le d\u00e9cor).<\/p>\n<p><a href=\"http:\/\/lesaventuriersdurail.sa3m.com\/wp-content\/uploads\/2016\/10\/wp-1476621419800.jpg\"><img loading=\"lazy\" decoding=\"async\" src=\"http:\/\/lesaventuriersdurail.sa3m.com\/wp-content\/uploads\/2016\/10\/wp-1476621419800.jpg\" alt=\"\" class=\"wp-image-1168 alignnone size-full\" width=\"800\" height=\"600\" srcset=\"https:\/\/lesaventuriersdurail.sa3m.com\/wp-content\/uploads\/2016\/10\/wp-1476621419800.jpg 800w, https:\/\/lesaventuriersdurail.sa3m.com\/wp-content\/uploads\/2016\/10\/wp-1476621419800-300x225.jpg 300w, https:\/\/lesaventuriersdurail.sa3m.com\/wp-content\/uploads\/2016\/10\/wp-1476621419800-768x576.jpg 768w\" sizes=\"auto, (max-width: 800px) 100vw, 800px\" \/><\/a><\/p>\n<p>Le centre ville n&rsquo;est pas tr\u00e8s \u00e9tendu et notre h\u00f4tel vraiment bien situ\u00e9 donc on a pu facilement alterner balades et repos. Il y a aussi beaucoup de bars et de caf\u00e9s, ce qui permet de faire des pauses et de go\u00fbter \u00e0 l&rsquo;ambiance de la ville.<\/p>\n<p><a href=\"http:\/\/lesaventuriersdurail.sa3m.com\/wp-content\/uploads\/2016\/10\/wp-1476630998051.jpg\"><img loading=\"lazy\" decoding=\"async\" src=\"http:\/\/lesaventuriersdurail.sa3m.com\/wp-content\/uploads\/2016\/10\/wp-1476630998051.jpg\" alt=\"\" class=\"wp-image-1175 alignnone size-full\" width=\"800\" height=\"600\" srcset=\"https:\/\/lesaventuriersdurail.sa3m.com\/wp-content\/uploads\/2016\/10\/wp-1476630998051.jpg 800w, https:\/\/lesaventuriersdurail.sa3m.com\/wp-content\/uploads\/2016\/10\/wp-1476630998051-300x225.jpg 300w, https:\/\/lesaventuriersdurail.sa3m.com\/wp-content\/uploads\/2016\/10\/wp-1476630998051-768x576.jpg 768w\" sizes=\"auto, (max-width: 800px) 100vw, 800px\" \/><\/a><\/p>\n<p>Le lieu le plus notable, \u00e0 notre avis, est Cascades, un grand \u00e9difice \u00e0 plusieurs \u00e9tages, avec \u00e0 chaque niveau des fontaines, des sculptures et 3 galeries d&rsquo;arts accessibles via une exposition d&rsquo;art contemporain\/escalator. La vue d&rsquo;en haut est assez sympa m\u00eame si la pollution emp\u00eache de voir les monts Ararat.<\/p>\n<p><a href=\"http:\/\/lesaventuriersdurail.sa3m.com\/wp-content\/uploads\/2016\/10\/wp-1476623530848.jpg\"><img loading=\"lazy\" decoding=\"async\" src=\"http:\/\/lesaventuriersdurail.sa3m.com\/wp-content\/uploads\/2016\/10\/wp-1476623530848.jpg\" alt=\"\" class=\"wp-image-1169 alignnone size-full\" width=\"800\" height=\"600\" srcset=\"https:\/\/lesaventuriersdurail.sa3m.com\/wp-content\/uploads\/2016\/10\/wp-1476623530848.jpg 800w, https:\/\/lesaventuriersdurail.sa3m.com\/wp-content\/uploads\/2016\/10\/wp-1476623530848-300x225.jpg 300w, https:\/\/lesaventuriersdurail.sa3m.com\/wp-content\/uploads\/2016\/10\/wp-1476623530848-768x576.jpg 768w\" sizes=\"auto, (max-width: 800px) 100vw, 800px\" \/><\/a><\/p>\n<p>La ville est \u00e9galement agr\u00e9able pour ses mus\u00e9es et nous avons opt\u00e9 pour:<\/p>\n<p>&#8211; Matenadaran, fiert\u00e9 nationale qui expose de nombreux manuscrits anciens, voire tr\u00e8s tr\u00e8s anciens,<\/p>\n<p>&#8211; la maison de Sergue\u00ef Parajanov, cin\u00e9aste et autre fiert\u00e9 nationale.<\/p>\n<p>Nous avons trouv\u00e9 un camarade de voyage, cycliste de son \u00e9tat, pour partager les frais de taxi pour visiter 2 monuments proches de la ville: Garni et Geghard. Le premier est tout \u00e0 fait surprenant puisque c&rsquo;est un temple payen d&rsquo;influence grecque. Plac\u00e9 dans un endroit superbe, on se serait presque cru \u00e0 Ath\u00e8nes.<\/p>\n<p><a href=\"http:\/\/lesaventuriersdurail.sa3m.com\/wp-content\/uploads\/2016\/10\/wp-1476623581523.jpg\"><img loading=\"lazy\" decoding=\"async\" src=\"http:\/\/lesaventuriersdurail.sa3m.com\/wp-content\/uploads\/2016\/10\/wp-1476623581523.jpg\" alt=\"\" class=\"wp-image-1170 alignnone size-full\" width=\"800\" height=\"600\" srcset=\"https:\/\/lesaventuriersdurail.sa3m.com\/wp-content\/uploads\/2016\/10\/wp-1476623581523.jpg 800w, https:\/\/lesaventuriersdurail.sa3m.com\/wp-content\/uploads\/2016\/10\/wp-1476623581523-300x225.jpg 300w, https:\/\/lesaventuriersdurail.sa3m.com\/wp-content\/uploads\/2016\/10\/wp-1476623581523-768x576.jpg 768w\" sizes=\"auto, (max-width: 800px) 100vw, 800px\" \/><\/a><\/p>\n<p>Le 2\u00e8me, plus classique bien que tr\u00e8s int\u00e9ressant aussi, est un monast\u00e8re \u00e0 flanc de colline, \u00e0 moiti\u00e9 perc\u00e9 dans la roche, agr\u00e9ment\u00e9 de sculptures d&rsquo;une grande finesse. Une des pi\u00e8ces \u00e0 une acoustique incroyable avec l&rsquo;impression que le son arrive de partout. Des caves ayant servies de cellules aux moines compl\u00e8tent le lieu.<\/p>\n<p><a href=\"http:\/\/lesaventuriersdurail.sa3m.com\/wp-content\/uploads\/2016\/10\/wp-1476623801262.jpg\"><img loading=\"lazy\" decoding=\"async\" src=\"http:\/\/lesaventuriersdurail.sa3m.com\/wp-content\/uploads\/2016\/10\/wp-1476623801262.jpg\" alt=\"\" class=\"wp-image-1171 alignnone size-full\" width=\"800\" height=\"600\" srcset=\"https:\/\/lesaventuriersdurail.sa3m.com\/wp-content\/uploads\/2016\/10\/wp-1476623801262.jpg 800w, https:\/\/lesaventuriersdurail.sa3m.com\/wp-content\/uploads\/2016\/10\/wp-1476623801262-300x225.jpg 300w, https:\/\/lesaventuriersdurail.sa3m.com\/wp-content\/uploads\/2016\/10\/wp-1476623801262-768x576.jpg 768w\" sizes=\"auto, (max-width: 800px) 100vw, 800px\" \/><\/a><\/p>\n<p><a href=\"http:\/\/lesaventuriersdurail.sa3m.com\/wp-content\/uploads\/2016\/10\/wp-1476623822903.jpg\"><img loading=\"lazy\" decoding=\"async\" src=\"http:\/\/lesaventuriersdurail.sa3m.com\/wp-content\/uploads\/2016\/10\/wp-1476623822903.jpg\" alt=\"\" class=\"wp-image-1173 alignnone size-full\" width=\"800\" height=\"600\" srcset=\"https:\/\/lesaventuriersdurail.sa3m.com\/wp-content\/uploads\/2016\/10\/wp-1476623822903.jpg 800w, https:\/\/lesaventuriersdurail.sa3m.com\/wp-content\/uploads\/2016\/10\/wp-1476623822903-300x225.jpg 300w, https:\/\/lesaventuriersdurail.sa3m.com\/wp-content\/uploads\/2016\/10\/wp-1476623822903-768x576.jpg 768w\" sizes=\"auto, (max-width: 800px) 100vw, 800px\" \/><\/a><\/p>\n<p>\u00c0 quelques kilom\u00e8tres de la capitale se trouve \u00e9galement le \u00ab\u00a0Vatican\u00a0\u00bb de l&rsquo;\u00e9glise apostolique arm\u00e9nienne : Echmiadzin. Maintenant on peut dire qu&rsquo;on l&rsquo;a vu mais franchement \u00e7a ne casse pas trois pattes \u00e0 un moine&#8230; Du coup, on ne vous montre m\u00eame pas de photo, voil\u00e0 c&rsquo;est comme \u00e7a. Pour nous venger, en rentrant \u00e0 Yerevan, on est all\u00e9s voir la mosqu\u00e9e.<\/p>\n<p><a href=\"http:\/\/lesaventuriersdurail.sa3m.com\/wp-content\/uploads\/2016\/10\/wp-1476627319214.jpg\"><img loading=\"lazy\" decoding=\"async\" src=\"http:\/\/lesaventuriersdurail.sa3m.com\/wp-content\/uploads\/2016\/10\/wp-1476627319214.jpg\" alt=\"\" class=\"wp-image-1174 alignnone size-full\" width=\"800\" height=\"600\" srcset=\"https:\/\/lesaventuriersdurail.sa3m.com\/wp-content\/uploads\/2016\/10\/wp-1476627319214.jpg 800w, https:\/\/lesaventuriersdurail.sa3m.com\/wp-content\/uploads\/2016\/10\/wp-1476627319214-300x225.jpg 300w, https:\/\/lesaventuriersdurail.sa3m.com\/wp-content\/uploads\/2016\/10\/wp-1476627319214-768x576.jpg 768w\" sizes=\"auto, (max-width: 800px) 100vw, 800px\" \/><\/a><\/p>\n<p>Vendredi, nous avions une mission importante : les visas iraniens. Il y a une dizaine de jours, nous avions fait le n\u00e9cessaire pour recevoir des invitations apr\u00e8s d&rsquo;une agence de voyage, il \u00e9tait maintenant tant d&rsquo;aller \u00e0 l&rsquo;ambassade d\u00e9poser notre dossier. Une demande de visa, c&rsquo;est toujours une aventure et \u00e7a commence par trouver l&rsquo;ambassade et les horaires d&rsquo;ouverture (pas facile avec des cr\u00e9neaux de 2h, 3 fois par semaine, et qui ont l&rsquo;air de changer r\u00e9guli\u00e8rement). Mercredi, on s&rsquo;est retrouv\u00e9s face \u00e0 une porte close et ce n&rsquo;est que vendredi qu&rsquo;on a eu une fen\u00eatre d&rsquo;action, entre 14 et 16h. Nous avions donc 2h pour faire contr\u00f4ler nos documents, aller nous all\u00e9ger le porte-monnaie dans une banque situ\u00e9e \u00e0 l&rsquo;autre bout de la ville (on ne savait pas exactement o\u00f9 elle se trouvait mais par chance le taxi nous a d\u00e9pos\u00e9 \u00e0 2 pas sans le savoir ; par malchance elle fermait exceptionnellement \u00e0 15h et on y est arriv\u00e9s \u00e0 15h07 ; par chance, on nous a quand m\u00eame laiss\u00e9 entrer : niveau de stress maximum \u00e0 ce moment l\u00e0!) et revenir d\u00e9poser notre dossier complet. Verdict lundi \u00e0 14h.<\/p>\n","protected":false},"excerpt":{"rendered":"<p>Une semaine s\u00e9dentaire \u00e7a ne peut pas faire de mal!&nbsp; Nous sommes arriv\u00e9s \u00e0 Yerevan lundi en d\u00e9but d&rsquo;apr\u00e8s-midi apr\u00e8s un cours trajet en taxi depuis Sevan. D&rsquo;apr\u00e8s les \u00e9chos que nous en avions eu et les villes arm\u00e9niennes que nous avions vu jusque l\u00e0, on ne s&rsquo;attendait pas \u00e0 tomber en p\u00e2moison devant la [&hellip;]<\/p>\n","protected":false},"author":1,"featured_media":0,"comment_status":"open","ping_status":"open","sticky":false,"template":"","format":"standard","meta":{"footnotes":""},"categories":[146,151],"tags":[],"class_list":["post-1176","post","type-post","status-publish","format-standard","hentry","category-armenie","category-erevan"],"_links":{"self":[{"href":"https:\/\/lesaventuriersdurail.sa3m.com\/index.php?rest_route=\/wp\/v2\/posts\/1176","targetHints":{"allow":["GET"]}}],"collection":[{"href":"https:\/\/lesaventuriersdurail.sa3m.com\/index.php?rest_route=\/wp\/v2\/posts"}],"about":[{"href":"https:\/\/lesaventuriersdurail.sa3m.com\/index.php?rest_route=\/wp\/v2\/types\/post"}],"author":[{"embeddable":true,"href":"https:\/\/lesaventuriersdurail.sa3m.com\/index.php?rest_route=\/wp\/v2\/users\/1"}],"replies":[{"embeddable":true,"href":"https:\/\/lesaventuriersdurail.sa3m.com\/index.php?rest_route=%2Fwp%2Fv2%2Fcomments&post=1176"}],"version-history":[{"count":1,"href":"https:\/\/lesaventuriersdurail.sa3m.com\/index.php?rest_route=\/wp\/v2\/posts\/1176\/revisions"}],"predecessor-version":[{"id":1177,"href":"https:\/\/lesaventuriersdurail.sa3m.com\/index.php?rest_route=\/wp\/v2\/posts\/1176\/revisions\/1177"}],"wp:attachment":[{"href":"https:\/\/lesaventuriersdurail.sa3m.com\/index.php?rest_route=%2Fwp%2Fv2%2Fmedia&parent=1176"}],"wp:term":[{"taxonomy":"category","embeddable":true,"href":"https:\/\/lesaventuriersdurail.sa3m.com\/index.php?rest_route=%2Fwp%2Fv2%2Fcategories&post=1176"},{"taxonomy":"post_tag","embeddable":true,"href":"https:\/\/lesaventuriersdurail.sa3m.com\/index.php?rest_route=%2Fwp%2Fv2%2Ftags&post=1176"}],"curies":[{"name":"wp","href":"https:\/\/api.w.org\/{rel}","templated":true}]}}