{"id":1164,"date":"2016-10-09T08:42:49","date_gmt":"2016-10-09T08:42:49","guid":{"rendered":"http:\/\/lesaventuriersdurail.sa3m.com\/?p=1164"},"modified":"2016-10-10T06:11:27","modified_gmt":"2016-10-10T06:11:27","slug":"la-bohemeuuuu","status":"publish","type":"post","link":"https:\/\/lesaventuriersdurail.sa3m.com\/?p=1164","title":{"rendered":"La boh\u00e8meuuuu"},"content":{"rendered":"<p>La route entre la G\u00e9orgie et l&rsquo;Arm\u00e9nie n&rsquo;est pas fameuse et nous avons pass\u00e9 la premi\u00e8re partie du voyage en taxi cahin-caha, jusqu&rsquo;au poste fronti\u00e8re o\u00f9 l\u00e0, il n&rsquo;y a carr\u00e9ment plus route pour cause de travaux. Le passage s&rsquo;est fait ais\u00e9ment et apr\u00e8s un tamponnage en r\u00e8gle de nos passeports, nous nous sommes vite retrouv\u00e9s sur les routes un peu meilleures d&rsquo;Arm\u00e9nie.<\/p>\n<p><a href=\"http:\/\/lesaventuriersdurail.sa3m.com\/wp-content\/uploads\/2016\/10\/wp-1476002287525-1.jpg\"><img loading=\"lazy\" decoding=\"async\" src=\"http:\/\/lesaventuriersdurail.sa3m.com\/wp-content\/uploads\/2016\/10\/wp-1476002287525-1.jpg\" alt=\"\" class=\"wp-image-1161 alignnone size-full\" width=\"800\" height=\"600\" srcset=\"https:\/\/lesaventuriersdurail.sa3m.com\/wp-content\/uploads\/2016\/10\/wp-1476002287525-1.jpg 800w, https:\/\/lesaventuriersdurail.sa3m.com\/wp-content\/uploads\/2016\/10\/wp-1476002287525-1-300x225.jpg 300w, https:\/\/lesaventuriersdurail.sa3m.com\/wp-content\/uploads\/2016\/10\/wp-1476002287525-1-768x576.jpg 768w\" sizes=\"auto, (max-width: 800px) 100vw, 800px\" \/><\/a><\/p>\n<p>Le paysage en arrivant est magnifique, une succession de collines couvertes d&rsquo;herbe jaunie avec des montagnes enneig\u00e9es en fond. Nous sommes arriv\u00e9s \u00e0 Gyumri pour d\u00e9couvrir une ville qui a l&rsquo;air \u00e9tendue mais qui manque un peu de charme. La place Charles Aznavour, deux jolies \u00e9glises noires assez surprenantes, une vieille ville riquiqui, une rue commer\u00e7ante et c&rsquo;est tout. Nous sommes tout de m\u00eame rest\u00e9s deux nuits pour \u00e9viter de trop courir, avant de partir pour Vanadzor. L\u00e0 aussi, peu de points d&rsquo;int\u00e9r\u00eats, mais c&rsquo;est un endroit pratique pour visiter le Debed Canyon qui est la principale attraction de la r\u00e9gion.<\/p>\n<p><a href=\"http:\/\/lesaventuriersdurail.sa3m.com\/wp-content\/uploads\/2016\/10\/wp-1476002355471-1.jpg\"><img loading=\"lazy\" decoding=\"async\" src=\"http:\/\/lesaventuriersdurail.sa3m.com\/wp-content\/uploads\/2016\/10\/wp-1476002355471-1.jpg\" alt=\"\" class=\"wp-image-1163 alignnone size-full\" width=\"800\" height=\"600\" srcset=\"https:\/\/lesaventuriersdurail.sa3m.com\/wp-content\/uploads\/2016\/10\/wp-1476002355471-1.jpg 800w, https:\/\/lesaventuriersdurail.sa3m.com\/wp-content\/uploads\/2016\/10\/wp-1476002355471-1-300x225.jpg 300w, https:\/\/lesaventuriersdurail.sa3m.com\/wp-content\/uploads\/2016\/10\/wp-1476002355471-1-768x576.jpg 768w\" sizes=\"auto, (max-width: 800px) 100vw, 800px\" \/><\/a><\/p>\n<p>Nous avons donc pris un tour avec la maison d&rsquo;h\u00f4tes pour d\u00e9couvrir les nombreux monast\u00e8res et \u00e9glises qui pars\u00e8ment cette gorge.<\/p>\n<p><a href=\"http:\/\/lesaventuriersdurail.sa3m.com\/wp-content\/uploads\/2016\/10\/wp-1475988325449.jpg\"><img loading=\"lazy\" decoding=\"async\" src=\"http:\/\/lesaventuriersdurail.sa3m.com\/wp-content\/uploads\/2016\/10\/wp-1475988325449.jpg\" alt=\"\" class=\"wp-image-1153 alignnone size-full\" width=\"800\" height=\"600\" srcset=\"https:\/\/lesaventuriersdurail.sa3m.com\/wp-content\/uploads\/2016\/10\/wp-1475988325449.jpg 800w, https:\/\/lesaventuriersdurail.sa3m.com\/wp-content\/uploads\/2016\/10\/wp-1475988325449-300x225.jpg 300w, https:\/\/lesaventuriersdurail.sa3m.com\/wp-content\/uploads\/2016\/10\/wp-1475988325449-768x576.jpg 768w\" sizes=\"auto, (max-width: 800px) 100vw, 800px\" \/><\/a><\/p>\n<p><a href=\"http:\/\/lesaventuriersdurail.sa3m.com\/wp-content\/uploads\/2016\/10\/wp-1475988336447.jpg\"><img loading=\"lazy\" decoding=\"async\" src=\"http:\/\/lesaventuriersdurail.sa3m.com\/wp-content\/uploads\/2016\/10\/wp-1475988336447.jpg\" alt=\"\" class=\"wp-image-1154 alignnone size-full\" width=\"600\" height=\"800\" srcset=\"https:\/\/lesaventuriersdurail.sa3m.com\/wp-content\/uploads\/2016\/10\/wp-1475988336447.jpg 600w, https:\/\/lesaventuriersdurail.sa3m.com\/wp-content\/uploads\/2016\/10\/wp-1475988336447-225x300.jpg 225w\" sizes=\"auto, (max-width: 600px) 100vw, 600px\" \/><\/a><\/p>\n<p><a href=\"http:\/\/lesaventuriersdurail.sa3m.com\/wp-content\/uploads\/2016\/10\/wp-1475988344308.jpg\"><img loading=\"lazy\" decoding=\"async\" src=\"http:\/\/lesaventuriersdurail.sa3m.com\/wp-content\/uploads\/2016\/10\/wp-1475988344308.jpg\" alt=\"\" class=\"wp-image-1155 alignnone size-full\" width=\"800\" height=\"600\" srcset=\"https:\/\/lesaventuriersdurail.sa3m.com\/wp-content\/uploads\/2016\/10\/wp-1475988344308.jpg 800w, https:\/\/lesaventuriersdurail.sa3m.com\/wp-content\/uploads\/2016\/10\/wp-1475988344308-300x225.jpg 300w, https:\/\/lesaventuriersdurail.sa3m.com\/wp-content\/uploads\/2016\/10\/wp-1475988344308-768x576.jpg 768w\" sizes=\"auto, (max-width: 800px) 100vw, 800px\" \/><\/a><\/p>\n<p>La gorge elle-m\u00eame est d&rsquo;ailleurs tr\u00e8s impressionnante: elle semble s&rsquo;\u00eatre creus\u00e9e soudainement \u00e0 la suite d&rsquo;un tremblement de terre.<\/p>\n<p><a href=\"http:\/\/lesaventuriersdurail.sa3m.com\/wp-content\/uploads\/2016\/10\/wp-1475988392597.jpg\"><img loading=\"lazy\" decoding=\"async\" src=\"http:\/\/lesaventuriersdurail.sa3m.com\/wp-content\/uploads\/2016\/10\/wp-1475988392597.jpg\" alt=\"\" class=\"wp-image-1156 alignnone size-full\" width=\"800\" height=\"600\" srcset=\"https:\/\/lesaventuriersdurail.sa3m.com\/wp-content\/uploads\/2016\/10\/wp-1475988392597.jpg 800w, https:\/\/lesaventuriersdurail.sa3m.com\/wp-content\/uploads\/2016\/10\/wp-1475988392597-300x225.jpg 300w, https:\/\/lesaventuriersdurail.sa3m.com\/wp-content\/uploads\/2016\/10\/wp-1475988392597-768x576.jpg 768w\" sizes=\"auto, (max-width: 800px) 100vw, 800px\" \/><\/a><\/p>\n<p>Apr\u00e8s \u00e7a, direction Dilijan et son parc national, une belle for\u00eat aux couleurs d&rsquo;automne pos\u00e9e sur des collines. Comme souvent, gr\u00e2ce \u00e0 Salom\u00e9, nous avons \u00e9t\u00e9 surclass\u00e9s et avons pu profiter d&rsquo;une terrasse avec vue. L\u00e0 encore et comme s\u00fbrement jusqu&rsquo;\u00e0 la fin de notre p\u00e9riple en Arm\u00e9nie, il y a des monast\u00e8res et des \u00e9glises un peu partout. Le cadre est superbe et nous avons pass\u00e9 trois jours \u00e0 nous balader dans les environs, sous le soleil pour ne rien g\u00e2cher. Un caf\u00e9 bien sympa nous a permis de passer le temps agr\u00e9ablement (et de manger des bonnes p\u00e2tisseries, ce qui n&rsquo;est pas si courant par ici).<\/p>\n<p><a href=\"http:\/\/lesaventuriersdurail.sa3m.com\/wp-content\/uploads\/2016\/10\/wp-1475988422306.jpg\"><img loading=\"lazy\" decoding=\"async\" src=\"http:\/\/lesaventuriersdurail.sa3m.com\/wp-content\/uploads\/2016\/10\/wp-1475988422306.jpg\" alt=\"\" class=\"wp-image-1157 alignnone size-full\" width=\"800\" height=\"600\" srcset=\"https:\/\/lesaventuriersdurail.sa3m.com\/wp-content\/uploads\/2016\/10\/wp-1475988422306.jpg 800w, https:\/\/lesaventuriersdurail.sa3m.com\/wp-content\/uploads\/2016\/10\/wp-1475988422306-300x225.jpg 300w, https:\/\/lesaventuriersdurail.sa3m.com\/wp-content\/uploads\/2016\/10\/wp-1475988422306-768x576.jpg 768w\" sizes=\"auto, (max-width: 800px) 100vw, 800px\" \/><\/a><\/p>\n<p><a href=\"http:\/\/lesaventuriersdurail.sa3m.com\/wp-content\/uploads\/2016\/10\/wp-1475988431611.jpg\"><img loading=\"lazy\" decoding=\"async\" src=\"http:\/\/lesaventuriersdurail.sa3m.com\/wp-content\/uploads\/2016\/10\/wp-1475988431611.jpg\" alt=\"\" class=\"wp-image-1158 alignnone size-full\" width=\"800\" height=\"600\" srcset=\"https:\/\/lesaventuriersdurail.sa3m.com\/wp-content\/uploads\/2016\/10\/wp-1475988431611.jpg 800w, https:\/\/lesaventuriersdurail.sa3m.com\/wp-content\/uploads\/2016\/10\/wp-1475988431611-300x225.jpg 300w, https:\/\/lesaventuriersdurail.sa3m.com\/wp-content\/uploads\/2016\/10\/wp-1475988431611-768x576.jpg 768w\" sizes=\"auto, (max-width: 800px) 100vw, 800px\" \/><\/a><\/p>\n<p>L&rsquo;\u00e9tape suivante, et o\u00f9 nous sommes toujours, est aussi tranquille puisque c&rsquo;est le lac Sevan, le plus grand lac du Caucase et en ce d\u00e9but d&rsquo;automne, c&rsquo;est assez mort. Au programme, de la d\u00e9tente les pieds dans l&rsquo;eau (on peut pas faire plus, elle est gel\u00e9e), et d\u00e9couverte des lieux int\u00e9ressants aux environs.<\/p>\n<p><a href=\"http:\/\/lesaventuriersdurail.sa3m.com\/wp-content\/uploads\/2016\/10\/wp-1475988454433.jpg\"><img loading=\"lazy\" decoding=\"async\" src=\"http:\/\/lesaventuriersdurail.sa3m.com\/wp-content\/uploads\/2016\/10\/wp-1475988454433.jpg\" alt=\"\" class=\"wp-image-1159 alignnone size-full\" width=\"800\" height=\"600\" srcset=\"https:\/\/lesaventuriersdurail.sa3m.com\/wp-content\/uploads\/2016\/10\/wp-1475988454433.jpg 800w, https:\/\/lesaventuriersdurail.sa3m.com\/wp-content\/uploads\/2016\/10\/wp-1475988454433-300x225.jpg 300w, https:\/\/lesaventuriersdurail.sa3m.com\/wp-content\/uploads\/2016\/10\/wp-1475988454433-768x576.jpg 768w\" sizes=\"auto, (max-width: 800px) 100vw, 800px\" \/><\/a><\/p>\n","protected":false},"excerpt":{"rendered":"<p>La route entre la G\u00e9orgie et l&rsquo;Arm\u00e9nie n&rsquo;est pas fameuse et nous avons pass\u00e9 la premi\u00e8re partie du voyage en taxi cahin-caha, jusqu&rsquo;au poste fronti\u00e8re o\u00f9 l\u00e0, il n&rsquo;y a carr\u00e9ment plus route pour cause de travaux. Le passage s&rsquo;est fait ais\u00e9ment et apr\u00e8s un tamponnage en r\u00e8gle de nos passeports, nous nous sommes vite [&hellip;]<\/p>\n","protected":false},"author":1,"featured_media":0,"comment_status":"open","ping_status":"open","sticky":false,"template":"","format":"standard","meta":{"footnotes":""},"categories":[146,149,147,150,148],"tags":[],"class_list":["post-1164","post","type-post","status-publish","format-standard","hentry","category-armenie","category-dilijan","category-gyumri","category-sevan","category-vanadzor"],"_links":{"self":[{"href":"https:\/\/lesaventuriersdurail.sa3m.com\/index.php?rest_route=\/wp\/v2\/posts\/1164","targetHints":{"allow":["GET"]}}],"collection":[{"href":"https:\/\/lesaventuriersdurail.sa3m.com\/index.php?rest_route=\/wp\/v2\/posts"}],"about":[{"href":"https:\/\/lesaventuriersdurail.sa3m.com\/index.php?rest_route=\/wp\/v2\/types\/post"}],"author":[{"embeddable":true,"href":"https:\/\/lesaventuriersdurail.sa3m.com\/index.php?rest_route=\/wp\/v2\/users\/1"}],"replies":[{"embeddable":true,"href":"https:\/\/lesaventuriersdurail.sa3m.com\/index.php?rest_route=%2Fwp%2Fv2%2Fcomments&post=1164"}],"version-history":[{"count":2,"href":"https:\/\/lesaventuriersdurail.sa3m.com\/index.php?rest_route=\/wp\/v2\/posts\/1164\/revisions"}],"predecessor-version":[{"id":1167,"href":"https:\/\/lesaventuriersdurail.sa3m.com\/index.php?rest_route=\/wp\/v2\/posts\/1164\/revisions\/1167"}],"wp:attachment":[{"href":"https:\/\/lesaventuriersdurail.sa3m.com\/index.php?rest_route=%2Fwp%2Fv2%2Fmedia&parent=1164"}],"wp:term":[{"taxonomy":"category","embeddable":true,"href":"https:\/\/lesaventuriersdurail.sa3m.com\/index.php?rest_route=%2Fwp%2Fv2%2Fcategories&post=1164"},{"taxonomy":"post_tag","embeddable":true,"href":"https:\/\/lesaventuriersdurail.sa3m.com\/index.php?rest_route=%2Fwp%2Fv2%2Ftags&post=1164"}],"curies":[{"name":"wp","href":"https:\/\/api.w.org\/{rel}","templated":true}]}}